{"id":122,"date":"2025-05-05T10:59:54","date_gmt":"2025-05-05T08:59:54","guid":{"rendered":"https:\/\/pmpi.fr\/?p=122"},"modified":"2025-05-23T16:16:01","modified_gmt":"2025-05-23T14:16:01","slug":"intervention-de-pmpi-a-la-paris-arbitration-week","status":"publish","type":"post","link":"https:\/\/pmpi.fr\/index.php\/2025\/05\/05\/intervention-de-pmpi-a-la-paris-arbitration-week\/","title":{"rendered":"Intervention de PMPI \u00e0 la Paris Arbitration Week"},"content":{"rendered":"\n<p>10 avril 2025 Intervention de PMPI \u00e0 la Paris arbitration week , en coop\u00e9ration avec de nombreuses autres associations actives dans le domaine (APEB, APRAM, AAPPI, LES &#8230;)<\/p>\n\n\n\n<p>Le pr\u00e9sident guillaume de La Bigne et un des vices pr\u00e9sidentS Isabelle Romet de PMPI sont intervenus s<strong>ous le haut patronage du garde des Sceaux, ministre de la Justice<\/strong><\/p>\n\n\n\n<p><strong>dans le cadre de la Paris Arbitration Week (7-11 avril 2025) lors du colloque Arbitrage et M\u00e9diation en Propri\u00e9t\u00e9 Industrielle.<\/strong><\/p>\n\n\n\n<p><strong>L\u2019arbitrage et la m\u00e9diation devraient conna\u00eetre d\u2019importantes \u00e9volutions dans le domaine de la Propri\u00e9t\u00e9 Industrielle et peut-\u00eatre r\u00e9volutionner le contentieux.<\/strong><\/p>\n\n\n\n<p><strong>La Juridiction unifi\u00e9e du brevet et son Centre de m\u00e9diation et d\u2019arbitrage pr\u00e9sente une opportunit\u00e9 de revisiter les strat\u00e9gies de r\u00e9solution des litiges<\/strong><\/p>\n\n\n\n<p><strong>Apr\u00e8s un accueil par&nbsp;&nbsp;<\/strong>Madame la Pr\u00e9sidente du Tribunal judiciaire de Paris&nbsp; et des p<strong>ropos introductifs de&nbsp;<\/strong>Denis Mon\u00e9gier du Sorbier, une premi\u00e8re table ronde a trait\u00e9 de l\u2019arbitrage et de la m\u00e9diation&nbsp;<strong>&nbsp;aujourd\u2019hui&nbsp;<\/strong><\/p>\n\n\n\n<p><em>Quelle est la place de ces modes alternatifs de r\u00e8glement des litiges en France et \u00e0 l\u2019\u00e9tranger ?<\/em><\/p>\n\n\n\n<p><em>Quels litiges de propri\u00e9t\u00e9 intellectuelle concernent-ils en particulier (litiges FRAND, en mati\u00e8re de partage des donn\u00e9es avec la protection des secrets d\u2019 affaires) ?<\/em><\/p>\n\n\n\n<p><em>Quels d\u00e9veloppements et quelles limites peuvent-ils conna\u00eetre ?<\/em><\/p>\n\n\n\n<p>Les intervenants \u00e9taient:&nbsp;<\/p>\n\n\n\n<p>\u2022&nbsp;&nbsp;&nbsp;&nbsp;&nbsp;&nbsp;&nbsp;&nbsp;&nbsp;&nbsp;&nbsp;&nbsp;&nbsp;&nbsp;&nbsp;&nbsp;&nbsp;&nbsp;&nbsp;&nbsp;Malik Chapuis \u2013 Magistrat \u00e0 la 3\u00e8me&nbsp;chambre du tribunal judiciaire de Paris, membre du comit\u00e9 d\u2019experts du centre de m\u00e9diation et d\u2019arbitrage de la JUB<\/p>\n\n\n\n<p>\u2022&nbsp;&nbsp;&nbsp;&nbsp;&nbsp;&nbsp;&nbsp;&nbsp;&nbsp;&nbsp;&nbsp;&nbsp;&nbsp;&nbsp;&nbsp;&nbsp;&nbsp;&nbsp;&nbsp;&nbsp;Jacques de Werra \u2013 Professeur \u00e0 l\u2019Universit\u00e9 de Gen\u00e8ve \u2013 Arbitre<\/p>\n\n\n\n<p>\u2022&nbsp;&nbsp;&nbsp;&nbsp;&nbsp;&nbsp;&nbsp;&nbsp;&nbsp;&nbsp;&nbsp;&nbsp;&nbsp;&nbsp;&nbsp;&nbsp;&nbsp;&nbsp;&nbsp;&nbsp;Isabelle Romet&nbsp;<strong>vice-pr\u00e9sidente de PMPI<\/strong>&nbsp;\u2013 Ancienne avocate \u2013 M\u00e9diatrice \u2013 Interspheris SAS&nbsp;<\/p>\n\n\n\n<p>\u2022&nbsp;&nbsp;&nbsp;&nbsp;&nbsp;&nbsp;&nbsp;&nbsp;&nbsp;&nbsp;&nbsp;&nbsp;&nbsp;&nbsp;&nbsp;&nbsp;&nbsp;&nbsp;&nbsp;&nbsp;Martine Karsenty-Ricard \u2013 Avocat \u2013 Arbitre \u2013 JP Karsenty &amp; Associ\u00e9s<\/p>\n\n\n\n<p>Avec comme mod\u00e9rateur&nbsp;<strong>notre pr\u00e9sident<\/strong>&nbsp;Guillaume de La Bigne \u2013 Conseil en Propri\u00e9t\u00e9 Industrielle \u2013 LLR<\/p>\n\n\n\n<p><strong>Une Pr\u00e9sentation du&nbsp;<em>Patent Mediation and Arbitration Centre&nbsp;<\/em>(PMAC) de la JUB ea ensuite \u00e9t\u00e9 faite par&nbsp;<\/strong>Ale\u0161 Zalar \u2013 Directeur du PMAC suivi d\u2019une s<strong>econde table ronde : L\u2019avenir de l\u2019arbitrage et de la m\u00e9diation avec le PMAC<\/strong><\/p>\n\n\n\n<p><em>Les r\u00e8gles de proc\u00e9dure du PMAC sur la m\u00e9diation et l\u2019arbitrage<\/em><\/p>\n\n\n\n<p><em>Les attentes des professionnels \u2013 Comparaison avec d\u2019autres institutions<\/em><\/p>\n\n\n\n<p>Les intervenants \u00e9taient:&nbsp;<\/p>\n\n\n\n<p>\u2022&nbsp;&nbsp;&nbsp;&nbsp;&nbsp;&nbsp;&nbsp;&nbsp;&nbsp;&nbsp;&nbsp;&nbsp;&nbsp;&nbsp;&nbsp;&nbsp;&nbsp;&nbsp;&nbsp;&nbsp;Ale\u0161 Zalar \u2013 Directeur du centre de m\u00e9diation et d\u2019arbitrage de la JUB<\/p>\n\n\n\n<p>\u2022&nbsp;&nbsp;&nbsp;&nbsp;&nbsp;&nbsp;&nbsp;&nbsp;&nbsp;&nbsp;&nbsp;&nbsp;&nbsp;&nbsp;&nbsp;&nbsp;&nbsp;&nbsp;&nbsp;&nbsp;Emmanuel Goug\u00e9 \u2013 Juge \u00e0 la cour d\u2019appel de la JUB<\/p>\n\n\n\n<p>\u2022&nbsp;&nbsp;&nbsp;&nbsp;&nbsp;&nbsp;&nbsp;&nbsp;&nbsp;&nbsp;&nbsp;&nbsp;&nbsp;&nbsp;&nbsp;&nbsp;&nbsp;&nbsp;&nbsp;&nbsp;Malik Chapuis \u2013 Magistrat \u00e0 la 3\u00e8me&nbsp;chambre du tribunal judiciaire de Paris, membre du comit\u00e9 d\u2019experts du centre de m\u00e9diation et d\u2019arbitrage de la JUB<\/p>\n\n\n\n<p>\u2022&nbsp;&nbsp;&nbsp;&nbsp;&nbsp;&nbsp;&nbsp;&nbsp;&nbsp;&nbsp;&nbsp;&nbsp;&nbsp;&nbsp;&nbsp;&nbsp;&nbsp;&nbsp;&nbsp;&nbsp;Jacques de Werra \u2013 Professeur \u00e0 l\u2019Universit\u00e9 de Gen\u00e8ve \u2013 Arbitre<\/p>\n\n\n\n<p>Avec comme mod\u00e9ratrice Marianne Gabriel \u2013 Avocat \u2013 Casalonga<\/p>\n\n\n\n<p>Une c<strong>onclusion par&nbsp;<\/strong>Jean-Christophe Galloux \u2013 Professeur \u00e0 l\u2019Universit\u00e9 de Paris II \u2013 Assas devait clore cette demi journ\u00e9e extr\u00eamement riche et prometteuse de nombreux d\u00e9veloppement dans notre domaine de la Propri\u00e9t\u00e9 Intelecetuelle..&nbsp;<\/p>\n\n\n\n<figure class=\"wp-block-gallery has-nested-images columns-default is-cropped wp-block-gallery-1 is-layout-flex wp-block-gallery-is-layout-flex\">\n<figure class=\"wp-block-image size-large\"><img loading=\"lazy\" decoding=\"async\" width=\"1200\" height=\"900\" data-id=\"135\" src=\"https:\/\/pmpi.fr\/wp-content\/uploads\/2025\/05\/10.04.2025-PAW-TJP-1200x900.jpg\" alt=\"\" class=\"wp-image-135\" srcset=\"https:\/\/pmpi.fr\/wp-content\/uploads\/2025\/05\/10.04.2025-PAW-TJP-1200x900.jpg 1200w, https:\/\/pmpi.fr\/wp-content\/uploads\/2025\/05\/10.04.2025-PAW-TJP-500x375.jpg 500w, https:\/\/pmpi.fr\/wp-content\/uploads\/2025\/05\/10.04.2025-PAW-TJP-300x225.jpg 300w, https:\/\/pmpi.fr\/wp-content\/uploads\/2025\/05\/10.04.2025-PAW-TJP-768x576.jpg 768w, https:\/\/pmpi.fr\/wp-content\/uploads\/2025\/05\/10.04.2025-PAW-TJP-1536x1152.jpg 1536w, https:\/\/pmpi.fr\/wp-content\/uploads\/2025\/05\/10.04.2025-PAW-TJP-2048x1536.jpg 2048w, https:\/\/pmpi.fr\/wp-content\/uploads\/2025\/05\/10.04.2025-PAW-TJP-100x75.jpg 100w, https:\/\/pmpi.fr\/wp-content\/uploads\/2025\/05\/10.04.2025-PAW-TJP-960x720.jpg 960w, https:\/\/pmpi.fr\/wp-content\/uploads\/2025\/05\/10.04.2025-PAW-TJP-480x360.jpg 480w\" sizes=\"auto, (max-width:767px) 480px, (max-width:1200px) 100vw, 1200px\" \/><\/figure>\n\n\n\n<figure class=\"wp-block-image size-large\"><img loading=\"lazy\" decoding=\"async\" width=\"1200\" height=\"760\" data-id=\"134\" src=\"https:\/\/pmpi.fr\/wp-content\/uploads\/2025\/05\/DSCF9884_final-1200x760.jpg\" alt=\"\" class=\"wp-image-134\" srcset=\"https:\/\/pmpi.fr\/wp-content\/uploads\/2025\/05\/DSCF9884_final-1200x760.jpg 1200w, https:\/\/pmpi.fr\/wp-content\/uploads\/2025\/05\/DSCF9884_final-500x317.jpg 500w, https:\/\/pmpi.fr\/wp-content\/uploads\/2025\/05\/DSCF9884_final-300x190.jpg 300w, https:\/\/pmpi.fr\/wp-content\/uploads\/2025\/05\/DSCF9884_final-768x487.jpg 768w, https:\/\/pmpi.fr\/wp-content\/uploads\/2025\/05\/DSCF9884_final-1536x973.jpg 1536w, https:\/\/pmpi.fr\/wp-content\/uploads\/2025\/05\/DSCF9884_final-118x75.jpg 118w, https:\/\/pmpi.fr\/wp-content\/uploads\/2025\/05\/DSCF9884_final-480x304.jpg 480w, https:\/\/pmpi.fr\/wp-content\/uploads\/2025\/05\/DSCF9884_final.jpg 1772w\" sizes=\"auto, (max-width:767px) 480px, (max-width:1200px) 100vw, 1200px\" \/><\/figure>\n<\/figure>\n","protected":false},"excerpt":{"rendered":"<p>10 avril 2025 Intervention de PMPI \u00e0 la Paris arbitration week , en coop\u00e9ration avec de nombreuses autres associations actives dans le domaine (APEB, APRAM, AAPPI,<span class=\"excerpt-hellip\"> [\u2026]<\/span><\/p>\n","protected":false},"author":1,"featured_media":135,"comment_status":"open","ping_status":"open","sticky":false,"template":"","format":"standard","meta":{"footnotes":""},"categories":[1],"tags":[],"class_list":["post-122","post","type-post","status-publish","format-standard","has-post-thumbnail","hentry","category-uncategorized"],"_links":{"self":[{"href":"https:\/\/pmpi.fr\/index.php\/wp-json\/wp\/v2\/posts\/122","targetHints":{"allow":["GET"]}}],"collection":[{"href":"https:\/\/pmpi.fr\/index.php\/wp-json\/wp\/v2\/posts"}],"about":[{"href":"https:\/\/pmpi.fr\/index.php\/wp-json\/wp\/v2\/types\/post"}],"author":[{"embeddable":true,"href":"https:\/\/pmpi.fr\/index.php\/wp-json\/wp\/v2\/users\/1"}],"replies":[{"embeddable":true,"href":"https:\/\/pmpi.fr\/index.php\/wp-json\/wp\/v2\/comments?post=122"}],"version-history":[{"count":4,"href":"https:\/\/pmpi.fr\/index.php\/wp-json\/wp\/v2\/posts\/122\/revisions"}],"predecessor-version":[{"id":144,"href":"https:\/\/pmpi.fr\/index.php\/wp-json\/wp\/v2\/posts\/122\/revisions\/144"}],"wp:featuredmedia":[{"embeddable":true,"href":"https:\/\/pmpi.fr\/index.php\/wp-json\/wp\/v2\/media\/135"}],"wp:attachment":[{"href":"https:\/\/pmpi.fr\/index.php\/wp-json\/wp\/v2\/media?parent=122"}],"wp:term":[{"taxonomy":"category","embeddable":true,"href":"https:\/\/pmpi.fr\/index.php\/wp-json\/wp\/v2\/categories?post=122"},{"taxonomy":"post_tag","embeddable":true,"href":"https:\/\/pmpi.fr\/index.php\/wp-json\/wp\/v2\/tags?post=122"}],"curies":[{"name":"wp","href":"https:\/\/api.w.org\/{rel}","templated":true}]}}